{"id":4232,"date":"2022-05-17T17:00:00","date_gmt":"2022-05-17T08:00:00","guid":{"rendered":"https:\/\/daaleelab.com\/?p=4232"},"modified":"2022-10-31T11:56:56","modified_gmt":"2022-10-31T02:56:56","slug":"gelbe-und-gruene-farbpalette-von-chirico","status":"publish","type":"post","link":"https:\/\/daaleelab.com\/de\/gelbe-und-gruene-farbpalette-von-chirico\/","title":{"rendered":"Gelbe und gr\u00fcne Farbpalette von Chirico"},"content":{"rendered":"\n<h2 class=\"wp-block-heading\" id=\"picsplay-photo-overlay-app\">Gr\u00fcne und gelbe Farbkombination<\/h2>\n\n\n\n<p>Eine gelbe und gr\u00fcne Farbpalette sorgt daf\u00fcr, dass Sie sich sowohl wohl als auch hell f\u00fchlen. Ich w\u00fcrde gerne den neuen Palettenartikel mit der Arbeit meines Lieblingsk\u00fcnstlers Giorgio de Chirico beginnen.<\/p>\n\n\n\n<p>Es ist ziemlich lange her, dass ich Italien besucht habe. Also brachte ich dieses Bild mit dem Titel &#8222;Piazza d&#8217;Italia&#8220; mit, als ich davon tr\u00e4umte, wieder nach Italien zu reisen (leider bin ich mir noch nicht sicher, aber vielleicht n\u00e4chstes Jahr?). <br>Chiricos Gem\u00e4lde sieht nicht aus wie eine typisch italienische Landschaft, aber ich denke, die Fremdartigkeit macht dieses Bild eindrucksvoller \u2013 deshalb mag ich es.<\/p>\n\n\n\n<div style=\"height:32px\" aria-hidden=\"true\" class=\"wp-block-spacer\"><\/div>\n\n\n<div class=\"wp-block-image\">\n<figure class=\"aligncenter size-full\"><img loading=\"lazy\" decoding=\"async\" width=\"150\" height=\"150\" src=\"https:\/\/daaleelab.com\/wp-content\/uploads\/2022\/10\/wall-poster-metro_-banner-150-daaleelab.jpg\" alt=\"Aesthetic Posters Tapestry for Indie Room Decor - Wall Prints 12x16 Unframed Wall Posters Hanging Wall Decor Art Prints\" class=\"wp-image-4733\" srcset=\"https:\/\/daaleelab.com\/wp-content\/uploads\/2022\/10\/wall-poster-metro_-banner-150-daaleelab.jpg 150w, https:\/\/daaleelab.com\/wp-content\/uploads\/2022\/10\/wall-poster-metro_-banner-150-daaleelab-100x100.jpg 100w\" sizes=\"(max-width: 150px) 100vw, 150px\" \/><figcaption><strong>Einfach drucken<\/strong> <br>DaaleelaB<\/figcaption><\/figure><\/div>\n\n\n<div style=\"height:22px\" aria-hidden=\"true\" class=\"wp-block-spacer\"><\/div>\n\n\n<div class=\"wp-block-image\">\n<figure class=\"aligncenter size-full\"><img loading=\"lazy\" decoding=\"async\" width=\"660\" height=\"462\" src=\"https:\/\/daaleelab.com\/wp-content\/uploads\/2022\/05\/yellow-and-green-color-palette_01.jpg\" alt=\"Ein Bild (von Chirico), aus dem Farben f\u00fcr eine gelbe und gr\u00fcne Farbpalette ausgew\u00e4hlt wurden\" class=\"wp-image-4174\" srcset=\"https:\/\/daaleelab.com\/wp-content\/uploads\/2022\/05\/yellow-and-green-color-palette_01.jpg 660w, https:\/\/daaleelab.com\/wp-content\/uploads\/2022\/05\/yellow-and-green-color-palette_01-300x210.jpg 300w\" sizes=\"(max-width: 660px) 100vw, 660px\" \/><figcaption>Piazza d&#8217;Italia von Giorgio de Chirico | Bildquelle: Wikiart<\/figcaption><\/figure><\/div>\n\n\n<div style=\"height:32px\" aria-hidden=\"true\" class=\"wp-block-spacer\"><\/div>\n\n\n\n<p>Das hellste Zitronengelb fesselte meine Augen und ich konnte nicht anders, als die Farbe in die heutige Palette zu \u00fcbernehmen. Auf das Gelb folgt frisches Gr\u00fcn, und zwei weitere ged\u00e4mpfte Farben unterst\u00fctzen die Helligkeit, um sie alle zu harmonisieren.<\/p>\n\n\n\n<div style=\"height:32px\" aria-hidden=\"true\" class=\"wp-block-spacer\"><\/div>\n\n\n\n<h3 class=\"wp-block-heading\" id=\"how-to-use-superimpose-photo-app\">Gelbe und gr\u00fcne Palette aus der Kunst von Chirico<\/h3>\n\n\n\n<p>Ich verwende Adobe Illustrator, um Farben auszuw\u00e4hlen und meine Paletten zu erstellen. Vielleicht ist eine mobile App wie <a href=\"https:\/\/replay404.com\/extract-color-palette-from-image-by-pantone-studio\" target=\"_blank\" rel=\"noreferrer noopener\">Pantone Studio<\/a> f\u00fcr die meisten von Ihnen zug\u00e4nglicher, die Illustrator nicht f\u00fcr Ihre Arbeiten verwenden. Hier habe ich die heutige gelbe und gr\u00fcne Palette wie unten zusammengefasst.<\/p>\n\n\n\n<ul><li>CMYK: 10, 0, 83, 0 | 36, 14, 94, 0 | 22, 38, 95, 0 | 68, 56, 99, 18<\/li><li>Internet: #efea3a, #b5bf25, #d1a316, #5d602b<\/li><li>Stimmung: gem\u00fctlich, harmonisiert durch Gelb und Gr\u00fcn<\/li><\/ul>\n\n\n\n<div style=\"height:32px\" aria-hidden=\"true\" class=\"wp-block-spacer\"><\/div>\n\n\n<div class=\"wp-block-image\">\n<figure class=\"aligncenter size-full\"><img loading=\"lazy\" decoding=\"async\" width=\"660\" height=\"551\" src=\"https:\/\/daaleelab.com\/wp-content\/uploads\/2022\/05\/yellow-and-green-color-palette_02.jpg\" alt=\"Eine gelbe und gr\u00fcne Farbpalette, inspiriert von der Arbeit von Giorgio de Chirico\" class=\"wp-image-4204\" srcset=\"https:\/\/daaleelab.com\/wp-content\/uploads\/2022\/05\/yellow-and-green-color-palette_02.jpg 660w, https:\/\/daaleelab.com\/wp-content\/uploads\/2022\/05\/yellow-and-green-color-palette_02-300x250.jpg 300w\" sizes=\"(max-width: 660px) 100vw, 660px\" \/><\/figure><\/div>\n\n\n<div style=\"height:32px\" aria-hidden=\"true\" class=\"wp-block-spacer\"><\/div>\n\n\n\n<h2 class=\"wp-block-heading\" id=\"superimpose-photos-easily\">Machen Sie Ihr gr\u00fcnes und gelbes Farbschema<\/h2>\n\n\n\n<p>\u00dcbrigens erinnert uns dieses knallige Gelb an den Sommer \u2013 Sie k\u00f6nnen versuchen, Ihr gr\u00fcn-gelbes Farbschema f\u00fcr den kommenden Sommer zu gestalten. <br><br>Ich hoffe, meine Palette kann Sie dazu ermutigen &#8211; Sie sehen, es ist einfach, die von den gro\u00dfen K\u00fcnstlern inspirierten Farben auszuw\u00e4hlen! Sie k\u00f6nnen von ihrem k\u00fcnstlerischen Sinn f\u00fcr Farben ausgehen und Ihre \u00c4nderungen anwenden. Wie bei der heutigen folgt die Palette nicht immer der Stimmung des Gem\u00e4ldes.<\/p>\n\n\n\n<p>Ich bewundere Chirico daf\u00fcr, dass er in seinem ganzen, nicht sehr kurzen Leben ein K\u00fcnstler war. Er malte bis zu seinem 90. Lebensjahr, obwohl seine sp\u00e4teren Werke nie das kritische Lob erhielten, das seinen fr\u00fcheren Werken zuteil wurde. <br>Manchmal scheint das Leben selbst f\u00fcr einen ber\u00fchmten K\u00fcnstler nicht so einfach, aber man muss seinen Weg gehen.<\/p>\n\n\n\n<div style=\"height:32px\" aria-hidden=\"true\" class=\"wp-block-spacer\"><\/div>\n\n\n\n<h3 class=\"wp-block-heading\" id=\"features-except-superimpose-images\">Weitere Werke von Giorgio de Chirico<\/h3>\n\n\n\n<p>Da Sie meinen Blog besucht haben, bin ich mir ziemlich sicher, dass Sie sich f\u00fcr Bilder interessieren. Sie k\u00f6nnen <a href=\"https:\/\/www.wikiart.org\/en\/giorgio-de-chirico\" target=\"_blank\" rel=\"noreferrer noopener\">andere Arbeiten von Chirico<\/a> \u00fcberpr\u00fcfen, um Farben f\u00fcr Ihre Palette zu \u00fcbernehmen. Ich m\u00f6chte nur ein weiteres Bild des K\u00fcnstlers am Ende dieses Artikels hinzuf\u00fcgen. <\/p>\n\n\n\n<p>Das Gem\u00e4lde mit dem Titel \u201eGare Montparnasse (Die Melancholie des Aufbruchs)\u201c zeigt auch Chiricos Atmosph\u00e4re mit den Arkaden in Verw\u00fcstung. <br><br>Ich denke, es ist kein Zufall, dass ich zwei Gem\u00e4lde mitbringe, die einen Bezug zu den europ\u00e4ischen St\u00e4dten haben, obwohl sie nicht wie touristische Orte auf Postkarten aussehen. Ich m\u00f6chte wirklich irgendwohin reisen, ziemlich weit weg von meiner Stadt!<\/p>\n\n\n\n<div style=\"height:32px\" aria-hidden=\"true\" class=\"wp-block-spacer\"><\/div>\n\n\n<div class=\"wp-block-image\">\n<figure class=\"aligncenter size-full\"><img loading=\"lazy\" decoding=\"async\" width=\"660\" height=\"492\" src=\"https:\/\/daaleelab.com\/wp-content\/uploads\/2022\/05\/yellow-and-green-color-palette_03.jpg\" alt=\"Ein Bild (von Chirico), aus dem Farben f\u00fcr eine gelbe und gr\u00fcne Farbpalette ausgew\u00e4hlt wurden\" class=\"wp-image-4179\" srcset=\"https:\/\/daaleelab.com\/wp-content\/uploads\/2022\/05\/yellow-and-green-color-palette_03.jpg 660w, https:\/\/daaleelab.com\/wp-content\/uploads\/2022\/05\/yellow-and-green-color-palette_03-300x224.jpg 300w\" sizes=\"(max-width: 660px) 100vw, 660px\" \/><figcaption>Gare Montparnasse von Giorgio de Chirico | Bildquelle: Wikiart<\/figcaption><\/figure><\/div>\n\n\n<div style=\"height:32px\" aria-hidden=\"true\" class=\"wp-block-spacer\"><\/div>\n\n\n\n<h3 class=\"wp-block-heading\" id=\"other-photo-editors-to-work-with\">Andere von Chirico inspirierte Farbpaletten<\/h3>\n\n\n\n<p>Ich habe auch zwei weitere Artikel in meinem alten Blog <a href=\"https:\/\/replay404.com\/category\/color-palette\/\" target=\"_blank\" rel=\"noopener\">replay404.com<\/a> (f\u00fcr andere Farbpaletten von Chirico) verlinkt, die Sie interessieren k\u00f6nnten.<br>Dieser neue Blog wird mit neuen Artikeln gef\u00fcllt, die sich auf von K\u00fcnstlern inspirierte Farben konzentrieren, wie ich im Ex-Blog geschrieben habe.<br><br>Ich fand, dass meine Farbpaletten von Chirico ganz anders sind \u2013 jede zeigt ihren eigenen Farbcharakter. <br>Ich frage mich, welche Farbkombination dir am besten gef\u00e4llt.<\/p>\n\n\n\n<p>Die heutige gelb-gr\u00fcne Farbpalette macht meine Gedanken hell und offen f\u00fcr den bevorstehenden Sommer. Aber ich denke, das erste, &#8222;Palette of Melancholie&#8220;, ist f\u00fcr mich die Nummer eins.<\/p>\n\n\n\n<p><strong><a href=\"https:\/\/replay404.com\/pale-blue-color-palette-by-chiricos-boat-in-a-room\/\" target=\"_blank\" rel=\"noreferrer noopener\">Hellblaue Farbpalette von Chiricos Boot in einem Raum<\/a><\/strong><\/p>\n\n\n\n<p><strong><a href=\"https:\/\/replay404.com\/palette-of-melancholy-color-palette-from-the-image-of-chirico\/\" target=\"_blank\" rel=\"noreferrer noopener\">Palette of Melancholy \u2013 Farbpalette aus dem Bild von Chirico<\/a><\/strong><\/p>\n\n\n\n<div style=\"height:32px\" aria-hidden=\"true\" class=\"wp-block-spacer\"><\/div>\n\n\n\n<div class=\"wp-block-columns is-layout-flex wp-container-core-columns-layout-1 wp-block-columns-is-layout-flex\">\n<div class=\"wp-block-column is-layout-flow wp-block-column-is-layout-flow\" style=\"flex-basis:50%\">\n<figure class=\"wp-block-embed aligncenter is-type-wp-embed is-provider-daaleelab wp-block-embed-daaleelab\"><div class=\"wp-block-embed__wrapper\">\n<blockquote class=\"wp-embedded-content\" data-secret=\"2xV3ufcHaR\"><a href=\"https:\/\/daaleelab.com\/product\/simply-print-the-metro-blue\/\">Simply Print | &#8220;The Metro&#8221; blue<\/a><\/blockquote><iframe class=\"wp-embedded-content\" sandbox=\"allow-scripts\" security=\"restricted\" style=\"position: absolute; clip: rect(1px, 1px, 1px, 1px);\" title=\"&#8222;Simply Print | &#8220;The Metro&#8221; blue&#8220; &#8212; DaaleelaB\" src=\"https:\/\/daaleelab.com\/product\/simply-print-the-metro-blue\/embed\/#?secret=2Sx93ICiWq#?secret=2xV3ufcHaR\" data-secret=\"2xV3ufcHaR\" width=\"600\" height=\"338\" frameborder=\"0\" marginwidth=\"0\" marginheight=\"0\" scrolling=\"no\"><\/iframe>\n<\/div><\/figure>\n<\/div>\n\n\n\n<div class=\"wp-block-column is-layout-flow wp-block-column-is-layout-flow\" style=\"flex-basis:50%\">\n<figure class=\"wp-block-embed is-type-wp-embed is-provider-daaleelab wp-block-embed-daaleelab\"><div class=\"wp-block-embed__wrapper\">\n<blockquote class=\"wp-embedded-content\" data-secret=\"jMjGaipZbZ\"><a href=\"https:\/\/daaleelab.com\/product\/mini-memories-white\/\">Mini Memories | White<\/a><\/blockquote><iframe class=\"wp-embedded-content\" sandbox=\"allow-scripts\" security=\"restricted\" style=\"position: absolute; clip: rect(1px, 1px, 1px, 1px);\" title=\"&#8222;Mini Memories | White&#8220; &#8212; DaaleelaB\" src=\"https:\/\/daaleelab.com\/product\/mini-memories-white\/embed\/#?secret=OwMo8ocoUi#?secret=jMjGaipZbZ\" data-secret=\"jMjGaipZbZ\" width=\"600\" height=\"338\" frameborder=\"0\" marginwidth=\"0\" marginheight=\"0\" scrolling=\"no\"><\/iframe>\n<\/div><\/figure>\n<\/div>\n<\/div>\n\n\n\n<p><\/p>\n","protected":false},"excerpt":{"rendered":"<p>Eine gelbe und gr\u00fcne Farbpalette sorgt daf\u00fcr, dass Sie sich sowohl wohl als auch hell f\u00fchlen. Ich w\u00fcrde gerne den neuen Palettenartikel mit der Arbeit meines Lieblingsk\u00fcnstlers Giorgio de Chirico beginnen.<\/p>\n","protected":false},"author":1,"featured_media":4214,"comment_status":"open","ping_status":"open","sticky":false,"template":"","format":"standard","meta":{"footnotes":""},"categories":[105],"tags":[108,107,109,110],"_links":{"self":[{"href":"https:\/\/daaleelab.com\/de\/wp-json\/wp\/v2\/posts\/4232"}],"collection":[{"href":"https:\/\/daaleelab.com\/de\/wp-json\/wp\/v2\/posts"}],"about":[{"href":"https:\/\/daaleelab.com\/de\/wp-json\/wp\/v2\/types\/post"}],"author":[{"embeddable":true,"href":"https:\/\/daaleelab.com\/de\/wp-json\/wp\/v2\/users\/1"}],"replies":[{"embeddable":true,"href":"https:\/\/daaleelab.com\/de\/wp-json\/wp\/v2\/comments?post=4232"}],"version-history":[{"count":9,"href":"https:\/\/daaleelab.com\/de\/wp-json\/wp\/v2\/posts\/4232\/revisions"}],"predecessor-version":[{"id":4739,"href":"https:\/\/daaleelab.com\/de\/wp-json\/wp\/v2\/posts\/4232\/revisions\/4739"}],"wp:featuredmedia":[{"embeddable":true,"href":"https:\/\/daaleelab.com\/de\/wp-json\/wp\/v2\/media\/4214"}],"wp:attachment":[{"href":"https:\/\/daaleelab.com\/de\/wp-json\/wp\/v2\/media?parent=4232"}],"wp:term":[{"taxonomy":"category","embeddable":true,"href":"https:\/\/daaleelab.com\/de\/wp-json\/wp\/v2\/categories?post=4232"},{"taxonomy":"post_tag","embeddable":true,"href":"https:\/\/daaleelab.com\/de\/wp-json\/wp\/v2\/tags?post=4232"}],"curies":[{"name":"wp","href":"https:\/\/api.w.org\/{rel}","templated":true}]}}